{"id":2304,"date":"2024-06-20T16:35:33","date_gmt":"2024-06-20T14:35:33","guid":{"rendered":"https:\/\/www.advancedh2valley.eu\/assemblee-generale-du-m6\/"},"modified":"2024-12-19T10:36:05","modified_gmt":"2024-12-19T09:36:05","slug":"assemblee-generale-du-m6","status":"publish","type":"post","link":"https:\/\/www.advancedh2valley.eu\/fr\/assemblee-generale-du-m6\/","title":{"rendered":"Assembl\u00e9e g\u00e9n\u00e9rale du M6"},"content":{"rendered":"<div class=\"fusion-fullwidth fullwidth-box fusion-builder-row-1 fusion-flex-container nonhundred-percent-fullwidth non-hundred-percent-height-scrolling\" style=\"--awb-border-radius-top-left:0px;--awb-border-radius-top-right:0px;--awb-border-radius-bottom-right:0px;--awb-border-radius-bottom-left:0px;--awb-flex-wrap:wrap;\" ><div class=\"fusion-builder-row fusion-row fusion-flex-align-items-flex-start fusion-flex-content-wrap\" style=\"max-width:1263.6px;margin-left: calc(-4% \/ 2 );margin-right: calc(-4% \/ 2 );\"><div class=\"fusion-layout-column fusion_builder_column fusion-builder-column-0 fusion_builder_column_1_1 1_1 fusion-flex-column\" style=\"--awb-bg-blend:overlay;--awb-bg-size:cover;--awb-width-large:100%;--awb-margin-top-large:0px;--awb-spacing-right-large:1.92%;--awb-margin-bottom-large:0px;--awb-spacing-left-large:1.92%;--awb-width-medium:100%;--awb-spacing-right-medium:1.92%;--awb-spacing-left-medium:1.92%;--awb-width-small:100%;--awb-spacing-right-small:1.92%;--awb-spacing-left-small:1.92%;\"><div class=\"fusion-column-wrapper fusion-flex-justify-content-flex-start fusion-content-layout-column\"><div class=\"fusion-text fusion-text-1\" style=\"--awb-content-alignment:justify;\"><p><strong>18 juin 2024<\/strong><\/p>\n<p>Le 18 juin 2024 s&rsquo;est tenue une r\u00e9union charni\u00e8re pour notre projet europ\u00e9en visant \u00e0 acc\u00e9l\u00e9rer le d\u00e9veloppement de l&rsquo;hydrog\u00e8ne renouvelable dans la vall\u00e9e de la Loire en France \u00e0 partir de 2025, contribuant ainsi \u00e0 la pr\u00e9paration d&rsquo;une \u00e9conomie de l&rsquo;hydrog\u00e8ne \u00e0 grande \u00e9chelle sur l&rsquo;ensemble de la c\u00f4te atlantique europ\u00e9enne. Tous les partenaires du projet se sont r\u00e9unis pour d\u00e9finir et planifier les activit\u00e9s des six prochains mois, tant d&rsquo;un point de vue technique qu&rsquo;en termes de diffusion et de communication. Au cours de cette r\u00e9union cruciale, la vid\u00e9o du projet a \u00e9t\u00e9 pr\u00e9sent\u00e9e, ce qui a suscit\u00e9 un grand enthousiasme parmi les participants. En outre, l&rsquo;ensemble de la campagne de communication qui s&rsquo;est d\u00e9roul\u00e9e lors de l&rsquo;\u00e9v\u00e9nement du Mans a \u00e9t\u00e9 illustr\u00e9e, mettant en \u00e9vidence les succ\u00e8s obtenus et les strat\u00e9gies futures. Cette r\u00e9union marque une \u00e9tape importante pour notre projet, en consolidant la collaboration entre les partenaires et en renfor\u00e7ant l&rsquo;engagement commun pour le d\u00e9veloppement et la promotion des technologies de l&rsquo;hydrog\u00e8ne dans la r\u00e9gion. Nous continuerons \u00e0 travailler avec d\u00e9vouement pour atteindre les objectifs fix\u00e9s et contribuer \u00e0 un avenir plus durable. Restez \u00e0 l&rsquo;\u00e9coute pour d&rsquo;autres mises \u00e0 jour sur les activit\u00e9s et les innovations \u00e0 venir dans le domaine des v\u00e9hicules \u00e0 hydrog\u00e8ne.<\/p>\n<\/div><div class=\"fusion-separator fusion-full-width-sep\" style=\"align-self: center;margin-left: auto;margin-right: auto;margin-top:20px;margin-bottom:20px;width:100%;\"><\/div><div class=\"fusion-separator fusion-full-width-sep\" style=\"align-self: center;margin-left: auto;margin-right: auto;margin-top:20px;margin-bottom:20px;width:100%;\"><\/div><div class=\"awb-gallery-wrapper awb-gallery-wrapper-1 button-span-no\" style=\"--more-btn-alignment:center;\" data-limit=\"10\" data-page=\"1\"><div style=\"margin:-5px;--awb-bordersize:0px;\" class=\"fusion-gallery fusion-gallery-container fusion-grid-3 fusion-columns-total-1 fusion-gallery-layout-grid fusion-gallery-1\"><div style=\"padding:5px;\" class=\"fusion-grid-column fusion-gallery-column fusion-gallery-column-3 hover-type-none\"><div class=\"fusion-gallery-image\"><a href=\"https:\/\/www.advancedh2valley.eu\/wp-content\/uploads\/2024\/06\/M6-General-Assembly.png\" rel=\"noreferrer\" data-rel=\"iLightbox[gallery_image_1]\" class=\"fusion-lightbox\" target=\"_self\"><img decoding=\"async\" src=\"https:\/\/www.advancedh2valley.eu\/wp-content\/uploads\/2024\/06\/M6-General-Assembly-460x279.png\" width=\"460\" height=\"279\" alt=\"\" title=\"M6 General Assembly\" aria-label=\"M6 General Assembly\" class=\"img-responsive wp-image-2159 fusion-gallery-image-size-fixed\" srcset=\"https:\/\/www.advancedh2valley.eu\/wp-content\/uploads\/2024\/06\/M6-General-Assembly-200x121.png 200w, https:\/\/www.advancedh2valley.eu\/wp-content\/uploads\/2024\/06\/M6-General-Assembly-400x242.png 400w, https:\/\/www.advancedh2valley.eu\/wp-content\/uploads\/2024\/06\/M6-General-Assembly.png 500w\" sizes=\"(min-width: 2200px) 100vw, (min-width: 980px) 402px, (min-width: 908px) 603px, (min-width: 836px) 908px, \" \/><\/a><\/div><\/div><\/div><\/div><\/div><\/div><\/div><\/div>\n","protected":false},"excerpt":{"rendered":"","protected":false},"author":2,"featured_media":2159,"comment_status":"open","ping_status":"open","sticky":false,"template":"","format":"standard","meta":{"footnotes":""},"categories":[61,62],"tags":[],"class_list":["post-2304","post","type-post","status-publish","format-standard","has-post-thumbnail","hentry","category-actualites","category-evenements"],"yoast_head":"<!-- This site is optimized with the Yoast SEO plugin v27.4 - https:\/\/yoast.com\/product\/yoast-seo-wordpress\/ -->\n<title>Assembl\u00e9e g\u00e9n\u00e9rale du M6 - AdvancedH2Valley<\/title>\n<meta name=\"description\" content=\"Le jeudi 9\/05, le projet AdvasncedH2Valley a particip\u00e9 \u00e0 Spa-Francorchamps. MissionH24 est une initiative conjointe de H24Project et de l&#039;Automobile Club de l&#039;Ouest pour la troisi\u00e8me manche du Championnat du monde d&#039;endurance de la FIA. Lire la suite &gt;&gt;\" \/>\n<meta name=\"robots\" content=\"index, follow, max-snippet:-1, max-image-preview:large, max-video-preview:-1\" \/>\n<link rel=\"canonical\" href=\"https:\/\/www.advancedh2valley.eu\/fr\/assemblee-generale-du-m6\/\" \/>\n<meta property=\"og:locale\" content=\"fr_FR\" \/>\n<meta property=\"og:type\" content=\"article\" \/>\n<meta property=\"og:title\" content=\"Assembl\u00e9e g\u00e9n\u00e9rale du M6 - AdvancedH2Valley\" \/>\n<meta property=\"og:description\" content=\"Le jeudi 9\/05, le projet AdvasncedH2Valley a particip\u00e9 \u00e0 Spa-Francorchamps. MissionH24 est une initiative conjointe de H24Project et de l&#039;Automobile Club de l&#039;Ouest pour la troisi\u00e8me manche du Championnat du monde d&#039;endurance de la FIA. Lire la suite &gt;&gt;\" \/>\n<meta property=\"og:url\" content=\"https:\/\/www.advancedh2valley.eu\/fr\/assemblee-generale-du-m6\/\" \/>\n<meta property=\"og:site_name\" content=\"AdvancedH2Valley\" \/>\n<meta property=\"article:published_time\" content=\"2024-06-20T14:35:33+00:00\" \/>\n<meta property=\"article:modified_time\" content=\"2024-12-19T09:36:05+00:00\" \/>\n<meta property=\"og:image\" content=\"https:\/\/www.advancedh2valley.eu\/wp-content\/uploads\/2024\/06\/M6-General-Assembly.png\" \/>\n\t<meta property=\"og:image:width\" content=\"500\" \/>\n\t<meta property=\"og:image:height\" content=\"303\" \/>\n\t<meta property=\"og:image:type\" content=\"image\/png\" \/>\n<meta name=\"author\" content=\"Sara Attan\u00e0\" \/>\n<meta name=\"twitter:card\" content=\"summary_large_image\" \/>\n<meta name=\"twitter:label1\" content=\"\u00c9crit par\" \/>\n\t<meta name=\"twitter:data1\" content=\"Sara Attan\u00e0\" \/>\n\t<meta name=\"twitter:label2\" content=\"Dur\u00e9e de lecture estim\u00e9e\" \/>\n\t<meta name=\"twitter:data2\" content=\"2 minutes\" \/>\n<script type=\"application\/ld+json\" class=\"yoast-schema-graph\">{\"@context\":\"https:\\\/\\\/schema.org\",\"@graph\":[{\"@type\":\"Article\",\"@id\":\"https:\\\/\\\/www.advancedh2valley.eu\\\/fr\\\/assemblee-generale-du-m6\\\/#article\",\"isPartOf\":{\"@id\":\"https:\\\/\\\/www.advancedh2valley.eu\\\/fr\\\/assemblee-generale-du-m6\\\/\"},\"author\":{\"name\":\"Sara Attan\u00e0\",\"@id\":\"https:\\\/\\\/www.advancedh2valley.eu\\\/fr\\\/#\\\/schema\\\/person\\\/2313bf9d39219e66042a845e7c76b80d\"},\"headline\":\"Assembl\u00e9e g\u00e9n\u00e9rale du M6\",\"datePublished\":\"2024-06-20T14:35:33+00:00\",\"dateModified\":\"2024-12-19T09:36:05+00:00\",\"mainEntityOfPage\":{\"@id\":\"https:\\\/\\\/www.advancedh2valley.eu\\\/fr\\\/assemblee-generale-du-m6\\\/\"},\"wordCount\":514,\"commentCount\":0,\"image\":{\"@id\":\"https:\\\/\\\/www.advancedh2valley.eu\\\/fr\\\/assemblee-generale-du-m6\\\/#primaryimage\"},\"thumbnailUrl\":\"https:\\\/\\\/www.advancedh2valley.eu\\\/wp-content\\\/uploads\\\/2024\\\/06\\\/M6-General-Assembly.png\",\"articleSection\":[\"Actualit\u00e9s\",\"Ev\u00e9nements\"],\"inLanguage\":\"fr-FR\",\"potentialAction\":[{\"@type\":\"CommentAction\",\"name\":\"Comment\",\"target\":[\"https:\\\/\\\/www.advancedh2valley.eu\\\/fr\\\/assemblee-generale-du-m6\\\/#respond\"]}]},{\"@type\":\"WebPage\",\"@id\":\"https:\\\/\\\/www.advancedh2valley.eu\\\/fr\\\/assemblee-generale-du-m6\\\/\",\"url\":\"https:\\\/\\\/www.advancedh2valley.eu\\\/fr\\\/assemblee-generale-du-m6\\\/\",\"name\":\"Assembl\u00e9e g\u00e9n\u00e9rale du M6 - AdvancedH2Valley\",\"isPartOf\":{\"@id\":\"https:\\\/\\\/www.advancedh2valley.eu\\\/fr\\\/#website\"},\"primaryImageOfPage\":{\"@id\":\"https:\\\/\\\/www.advancedh2valley.eu\\\/fr\\\/assemblee-generale-du-m6\\\/#primaryimage\"},\"image\":{\"@id\":\"https:\\\/\\\/www.advancedh2valley.eu\\\/fr\\\/assemblee-generale-du-m6\\\/#primaryimage\"},\"thumbnailUrl\":\"https:\\\/\\\/www.advancedh2valley.eu\\\/wp-content\\\/uploads\\\/2024\\\/06\\\/M6-General-Assembly.png\",\"datePublished\":\"2024-06-20T14:35:33+00:00\",\"dateModified\":\"2024-12-19T09:36:05+00:00\",\"author\":{\"@id\":\"https:\\\/\\\/www.advancedh2valley.eu\\\/fr\\\/#\\\/schema\\\/person\\\/2313bf9d39219e66042a845e7c76b80d\"},\"description\":\"Le jeudi 9\\\/05, le projet AdvasncedH2Valley a particip\u00e9 \u00e0 Spa-Francorchamps. MissionH24 est une initiative conjointe de H24Project et de l'Automobile Club de l'Ouest pour la troisi\u00e8me manche du Championnat du monde d'endurance de la FIA. Lire la suite >>\",\"breadcrumb\":{\"@id\":\"https:\\\/\\\/www.advancedh2valley.eu\\\/fr\\\/assemblee-generale-du-m6\\\/#breadcrumb\"},\"inLanguage\":\"fr-FR\",\"potentialAction\":[{\"@type\":\"ReadAction\",\"target\":[\"https:\\\/\\\/www.advancedh2valley.eu\\\/fr\\\/assemblee-generale-du-m6\\\/\"]}]},{\"@type\":\"ImageObject\",\"inLanguage\":\"fr-FR\",\"@id\":\"https:\\\/\\\/www.advancedh2valley.eu\\\/fr\\\/assemblee-generale-du-m6\\\/#primaryimage\",\"url\":\"https:\\\/\\\/www.advancedh2valley.eu\\\/wp-content\\\/uploads\\\/2024\\\/06\\\/M6-General-Assembly.png\",\"contentUrl\":\"https:\\\/\\\/www.advancedh2valley.eu\\\/wp-content\\\/uploads\\\/2024\\\/06\\\/M6-General-Assembly.png\",\"width\":500,\"height\":303},{\"@type\":\"BreadcrumbList\",\"@id\":\"https:\\\/\\\/www.advancedh2valley.eu\\\/fr\\\/assemblee-generale-du-m6\\\/#breadcrumb\",\"itemListElement\":[{\"@type\":\"ListItem\",\"position\":1,\"name\":\"Home\",\"item\":\"https:\\\/\\\/www.advancedh2valley.eu\\\/fr\\\/\"},{\"@type\":\"ListItem\",\"position\":2,\"name\":\"Assembl\u00e9e g\u00e9n\u00e9rale du M6\"}]},{\"@type\":\"WebSite\",\"@id\":\"https:\\\/\\\/www.advancedh2valley.eu\\\/fr\\\/#website\",\"url\":\"https:\\\/\\\/www.advancedh2valley.eu\\\/fr\\\/\",\"name\":\"AdvancedH2Valley\",\"description\":\"\",\"potentialAction\":[{\"@type\":\"SearchAction\",\"target\":{\"@type\":\"EntryPoint\",\"urlTemplate\":\"https:\\\/\\\/www.advancedh2valley.eu\\\/fr\\\/?s={search_term_string}\"},\"query-input\":{\"@type\":\"PropertyValueSpecification\",\"valueRequired\":true,\"valueName\":\"search_term_string\"}}],\"inLanguage\":\"fr-FR\"},{\"@type\":\"Person\",\"@id\":\"https:\\\/\\\/www.advancedh2valley.eu\\\/fr\\\/#\\\/schema\\\/person\\\/2313bf9d39219e66042a845e7c76b80d\",\"name\":\"Sara Attan\u00e0\",\"image\":{\"@type\":\"ImageObject\",\"inLanguage\":\"fr-FR\",\"@id\":\"https:\\\/\\\/secure.gravatar.com\\\/avatar\\\/94feeb1882db141a3f631a766c2e342b905fb15f4ad47eef51eef813789ea357?s=96&d=mm&r=g\",\"url\":\"https:\\\/\\\/secure.gravatar.com\\\/avatar\\\/94feeb1882db141a3f631a766c2e342b905fb15f4ad47eef51eef813789ea357?s=96&d=mm&r=g\",\"contentUrl\":\"https:\\\/\\\/secure.gravatar.com\\\/avatar\\\/94feeb1882db141a3f631a766c2e342b905fb15f4ad47eef51eef813789ea357?s=96&d=mm&r=g\",\"caption\":\"Sara Attan\u00e0\"},\"url\":\"https:\\\/\\\/www.advancedh2valley.eu\\\/fr\\\/author\\\/sara-attana\\\/\"}]}<\/script>\n<!-- \/ Yoast SEO plugin. -->","yoast_head_json":{"title":"Assembl\u00e9e g\u00e9n\u00e9rale du M6 - AdvancedH2Valley","description":"Le jeudi 9\/05, le projet AdvasncedH2Valley a particip\u00e9 \u00e0 Spa-Francorchamps. MissionH24 est une initiative conjointe de H24Project et de l'Automobile Club de l'Ouest pour la troisi\u00e8me manche du Championnat du monde d'endurance de la FIA. Lire la suite >>","robots":{"index":"index","follow":"follow","max-snippet":"max-snippet:-1","max-image-preview":"max-image-preview:large","max-video-preview":"max-video-preview:-1"},"canonical":"https:\/\/www.advancedh2valley.eu\/fr\/assemblee-generale-du-m6\/","og_locale":"fr_FR","og_type":"article","og_title":"Assembl\u00e9e g\u00e9n\u00e9rale du M6 - AdvancedH2Valley","og_description":"Le jeudi 9\/05, le projet AdvasncedH2Valley a particip\u00e9 \u00e0 Spa-Francorchamps. MissionH24 est une initiative conjointe de H24Project et de l'Automobile Club de l'Ouest pour la troisi\u00e8me manche du Championnat du monde d'endurance de la FIA. Lire la suite >>","og_url":"https:\/\/www.advancedh2valley.eu\/fr\/assemblee-generale-du-m6\/","og_site_name":"AdvancedH2Valley","article_published_time":"2024-06-20T14:35:33+00:00","article_modified_time":"2024-12-19T09:36:05+00:00","og_image":[{"width":500,"height":303,"url":"https:\/\/www.advancedh2valley.eu\/wp-content\/uploads\/2024\/06\/M6-General-Assembly.png","type":"image\/png"}],"author":"Sara Attan\u00e0","twitter_card":"summary_large_image","twitter_misc":{"\u00c9crit par":"Sara Attan\u00e0","Dur\u00e9e de lecture estim\u00e9e":"2 minutes"},"schema":{"@context":"https:\/\/schema.org","@graph":[{"@type":"Article","@id":"https:\/\/www.advancedh2valley.eu\/fr\/assemblee-generale-du-m6\/#article","isPartOf":{"@id":"https:\/\/www.advancedh2valley.eu\/fr\/assemblee-generale-du-m6\/"},"author":{"name":"Sara Attan\u00e0","@id":"https:\/\/www.advancedh2valley.eu\/fr\/#\/schema\/person\/2313bf9d39219e66042a845e7c76b80d"},"headline":"Assembl\u00e9e g\u00e9n\u00e9rale du M6","datePublished":"2024-06-20T14:35:33+00:00","dateModified":"2024-12-19T09:36:05+00:00","mainEntityOfPage":{"@id":"https:\/\/www.advancedh2valley.eu\/fr\/assemblee-generale-du-m6\/"},"wordCount":514,"commentCount":0,"image":{"@id":"https:\/\/www.advancedh2valley.eu\/fr\/assemblee-generale-du-m6\/#primaryimage"},"thumbnailUrl":"https:\/\/www.advancedh2valley.eu\/wp-content\/uploads\/2024\/06\/M6-General-Assembly.png","articleSection":["Actualit\u00e9s","Ev\u00e9nements"],"inLanguage":"fr-FR","potentialAction":[{"@type":"CommentAction","name":"Comment","target":["https:\/\/www.advancedh2valley.eu\/fr\/assemblee-generale-du-m6\/#respond"]}]},{"@type":"WebPage","@id":"https:\/\/www.advancedh2valley.eu\/fr\/assemblee-generale-du-m6\/","url":"https:\/\/www.advancedh2valley.eu\/fr\/assemblee-generale-du-m6\/","name":"Assembl\u00e9e g\u00e9n\u00e9rale du M6 - AdvancedH2Valley","isPartOf":{"@id":"https:\/\/www.advancedh2valley.eu\/fr\/#website"},"primaryImageOfPage":{"@id":"https:\/\/www.advancedh2valley.eu\/fr\/assemblee-generale-du-m6\/#primaryimage"},"image":{"@id":"https:\/\/www.advancedh2valley.eu\/fr\/assemblee-generale-du-m6\/#primaryimage"},"thumbnailUrl":"https:\/\/www.advancedh2valley.eu\/wp-content\/uploads\/2024\/06\/M6-General-Assembly.png","datePublished":"2024-06-20T14:35:33+00:00","dateModified":"2024-12-19T09:36:05+00:00","author":{"@id":"https:\/\/www.advancedh2valley.eu\/fr\/#\/schema\/person\/2313bf9d39219e66042a845e7c76b80d"},"description":"Le jeudi 9\/05, le projet AdvasncedH2Valley a particip\u00e9 \u00e0 Spa-Francorchamps. MissionH24 est une initiative conjointe de H24Project et de l'Automobile Club de l'Ouest pour la troisi\u00e8me manche du Championnat du monde d'endurance de la FIA. Lire la suite >>","breadcrumb":{"@id":"https:\/\/www.advancedh2valley.eu\/fr\/assemblee-generale-du-m6\/#breadcrumb"},"inLanguage":"fr-FR","potentialAction":[{"@type":"ReadAction","target":["https:\/\/www.advancedh2valley.eu\/fr\/assemblee-generale-du-m6\/"]}]},{"@type":"ImageObject","inLanguage":"fr-FR","@id":"https:\/\/www.advancedh2valley.eu\/fr\/assemblee-generale-du-m6\/#primaryimage","url":"https:\/\/www.advancedh2valley.eu\/wp-content\/uploads\/2024\/06\/M6-General-Assembly.png","contentUrl":"https:\/\/www.advancedh2valley.eu\/wp-content\/uploads\/2024\/06\/M6-General-Assembly.png","width":500,"height":303},{"@type":"BreadcrumbList","@id":"https:\/\/www.advancedh2valley.eu\/fr\/assemblee-generale-du-m6\/#breadcrumb","itemListElement":[{"@type":"ListItem","position":1,"name":"Home","item":"https:\/\/www.advancedh2valley.eu\/fr\/"},{"@type":"ListItem","position":2,"name":"Assembl\u00e9e g\u00e9n\u00e9rale du M6"}]},{"@type":"WebSite","@id":"https:\/\/www.advancedh2valley.eu\/fr\/#website","url":"https:\/\/www.advancedh2valley.eu\/fr\/","name":"AdvancedH2Valley","description":"","potentialAction":[{"@type":"SearchAction","target":{"@type":"EntryPoint","urlTemplate":"https:\/\/www.advancedh2valley.eu\/fr\/?s={search_term_string}"},"query-input":{"@type":"PropertyValueSpecification","valueRequired":true,"valueName":"search_term_string"}}],"inLanguage":"fr-FR"},{"@type":"Person","@id":"https:\/\/www.advancedh2valley.eu\/fr\/#\/schema\/person\/2313bf9d39219e66042a845e7c76b80d","name":"Sara Attan\u00e0","image":{"@type":"ImageObject","inLanguage":"fr-FR","@id":"https:\/\/secure.gravatar.com\/avatar\/94feeb1882db141a3f631a766c2e342b905fb15f4ad47eef51eef813789ea357?s=96&d=mm&r=g","url":"https:\/\/secure.gravatar.com\/avatar\/94feeb1882db141a3f631a766c2e342b905fb15f4ad47eef51eef813789ea357?s=96&d=mm&r=g","contentUrl":"https:\/\/secure.gravatar.com\/avatar\/94feeb1882db141a3f631a766c2e342b905fb15f4ad47eef51eef813789ea357?s=96&d=mm&r=g","caption":"Sara Attan\u00e0"},"url":"https:\/\/www.advancedh2valley.eu\/fr\/author\/sara-attana\/"}]}},"_links":{"self":[{"href":"https:\/\/www.advancedh2valley.eu\/fr\/wp-json\/wp\/v2\/posts\/2304","targetHints":{"allow":["GET"]}}],"collection":[{"href":"https:\/\/www.advancedh2valley.eu\/fr\/wp-json\/wp\/v2\/posts"}],"about":[{"href":"https:\/\/www.advancedh2valley.eu\/fr\/wp-json\/wp\/v2\/types\/post"}],"author":[{"embeddable":true,"href":"https:\/\/www.advancedh2valley.eu\/fr\/wp-json\/wp\/v2\/users\/2"}],"replies":[{"embeddable":true,"href":"https:\/\/www.advancedh2valley.eu\/fr\/wp-json\/wp\/v2\/comments?post=2304"}],"version-history":[{"count":3,"href":"https:\/\/www.advancedh2valley.eu\/fr\/wp-json\/wp\/v2\/posts\/2304\/revisions"}],"predecessor-version":[{"id":2307,"href":"https:\/\/www.advancedh2valley.eu\/fr\/wp-json\/wp\/v2\/posts\/2304\/revisions\/2307"}],"wp:featuredmedia":[{"embeddable":true,"href":"https:\/\/www.advancedh2valley.eu\/fr\/wp-json\/wp\/v2\/media\/2159"}],"wp:attachment":[{"href":"https:\/\/www.advancedh2valley.eu\/fr\/wp-json\/wp\/v2\/media?parent=2304"}],"wp:term":[{"taxonomy":"category","embeddable":true,"href":"https:\/\/www.advancedh2valley.eu\/fr\/wp-json\/wp\/v2\/categories?post=2304"},{"taxonomy":"post_tag","embeddable":true,"href":"https:\/\/www.advancedh2valley.eu\/fr\/wp-json\/wp\/v2\/tags?post=2304"}],"curies":[{"name":"wp","href":"https:\/\/api.w.org\/{rel}","templated":true}]}}